{"id":4524,"date":"2026-01-19T13:08:06","date_gmt":"2026-01-19T16:08:06","guid":{"rendered":"https:\/\/www.cefobi-conicet.gov.ar\/?p=4524"},"modified":"2026-01-19T13:09:20","modified_gmt":"2026-01-19T16:09:20","slug":"el-centro-de-estudios-fotosinteticos-y-bioquimicos-cefobi-conicet-unr-lamenta-el-fallecimiento-del-dr-carlos-santiago-andreo-ex-director-del-instituto","status":"publish","type":"post","link":"https:\/\/www.cefobi-conicet.gov.ar\/en\/el-centro-de-estudios-fotosinteticos-y-bioquimicos-cefobi-conicet-unr-lamenta-el-fallecimiento-del-dr-carlos-santiago-andreo-ex-director-del-instituto\/","title":{"rendered":"EL CENTRO DE ESTUDIOS FOTOSINT\u00c9TICOS Y BIOQU\u00cdMICOS (CEFOBI\/CONICET-UNR) LAMENTA EL FALLECIMIENTO DEL DR. CARLOS SANTIAGO ANDREO, EX-DIRECTOR DEL INSTITUTO."},"content":{"rendered":"<style>.kb-row-layout-id4524_ac2781-d8 > .kt-row-column-wrap{align-content:start;}:where(.kb-row-layout-id4524_ac2781-d8 > .kt-row-column-wrap) > .wp-block-kadence-column{justify-content:start;}.kb-row-layout-id4524_ac2781-d8 > .kt-row-column-wrap{column-gap:var(--global-kb-gap-md, 2rem);row-gap:var(--global-kb-gap-md, 2rem);max-width:1796px;margin-left:auto;margin-right:auto;padding-top:25px;padding-right:0px;padding-bottom:25px;padding-left:0px;grid-template-columns:repeat(2, minmax(0, 1fr));}.kb-row-layout-id4524_ac2781-d8 > .kt-row-layout-overlay{opacity:0.30;}@media all and (max-width: 1024px){.kb-row-layout-id4524_ac2781-d8 > .kt-row-column-wrap{grid-template-columns:repeat(2, minmax(0, 1fr));}}@media all and (max-width: 767px){.kb-row-layout-id4524_ac2781-d8 > .kt-row-column-wrap{grid-template-columns:minmax(0, 1fr);}}<\/style><div class=\"kb-row-layout-wrap kb-row-layout-id4524_ac2781-d8 alignnone wp-block-kadence-rowlayout\"><div class=\"kt-row-column-wrap kt-has-2-columns kt-row-layout-equal kt-tab-layout-inherit kt-mobile-layout-row kt-row-valign-top\">\n<style>.kadence-column4524_be6b6c-bd > .kt-inside-inner-col,.kadence-column4524_be6b6c-bd > .kt-inside-inner-col:before{border-top-left-radius:0px;border-top-right-radius:0px;border-bottom-right-radius:0px;border-bottom-left-radius:0px;}.kadence-column4524_be6b6c-bd > .kt-inside-inner-col{column-gap:var(--global-kb-gap-sm, 1rem);}.kadence-column4524_be6b6c-bd > .kt-inside-inner-col{flex-direction:column;}.kadence-column4524_be6b6c-bd > .kt-inside-inner-col > .aligncenter{width:100%;}.kadence-column4524_be6b6c-bd > .kt-inside-inner-col:before{opacity:0.3;}.kadence-column4524_be6b6c-bd{position:relative;}@media all and (max-width: 1024px){.kadence-column4524_be6b6c-bd > .kt-inside-inner-col{flex-direction:column;justify-content:center;}}@media all and (max-width: 767px){.kadence-column4524_be6b6c-bd > .kt-inside-inner-col{flex-direction:column;justify-content:center;}}<\/style>\n<div class=\"wp-block-kadence-column kadence-column4524_be6b6c-bd inner-column-1\"><div class=\"kt-inside-inner-col\">\n<div class=\"wp-block-group\"><div class=\"wp-block-group__inner-container is-layout-flow wp-block-group-is-layout-flow\">\n<p><strong>Lamentamos comunicar el fallecimiento del Dr. Carlos Santiago Andreo (04\/09\/1947-17\/01\/2026), quien fuera Director del Centro de Estudios Fotosint\u00e9ticos y Bioqu\u00edmicos (CEFOBI), Director del Centro Cient\u00edfico Tecnol\u00f3gico Rosario, y Profesor Titular de Qu\u00edmica Biol\u00f3gica de la Facultad de Ciencias Bioqu\u00edmicas y Farmac\u00e9uticas de la Universidad Nacional de Rosario.<\/strong><\/p>\n\n\n\n<p>M\u00e1s all\u00e1 de los indiscutibles aportes cient\u00edficos de Carlos, que se mencionan m\u00e1s abajo, y de su rol como director del CEFOBI, quienes tuvimos la oportunidad de trabajar con \u00e9l recordamos, ante todo, su enorme calidad humana. Fue una persona cercana, c\u00e1lida y profundamente emp\u00e1tica, siempre atenta primero a las personas y luego a los proyectos y los resultados.<\/p>\n\n\n\n<p>Ejerci\u00f3 la direcci\u00f3n con serenidad y respeto, generando un clima de trabajo basado en la confianza y el di\u00e1logo. Calmo y reflexivo, sin apuros innecesarios ni estridencias, supo escuchar y acompa\u00f1ar. Nunca hizo falta alzar la voz: su autoridad se apoyaba en el ejemplo, la coherencia y el trato humano.<\/p>\n\n\n\n<p>Su manera de estar, de conducir y de vincularse dej\u00f3 una huella profunda en el CEFOBI y en cada una de las personas que lo integraron. Ese legado, hecho de humanidad, respeto y compromiso, seguir\u00e1 presente mucho m\u00e1s all\u00e1 de su gesti\u00f3n.<\/p>\n\n\n\n<p>Recordamos una nota realizada a Carlos en noviembre de 2016, poco antes de finalizar sus actividades como Director del CEFOBI, en la que relata parte de su historia personal: El semillero de la ciencia rosarina<\/p>\n\n\n\n<p><a href=\"https:\/\/www.lacapital.com.ar\/mas\/el-semillero-la-ciencia-rosarina-n1289689.html\">https:\/\/www.lacapital.com.ar\/mas\/el-semillero-la-ciencia-rosarina-n1289689.html<\/a><\/p>\n\n\n\n<p>A continuaci\u00f3n, destacamos algunos de sus principales logros acad\u00e9micos y cient\u00edficos:<\/p>\n\n\n\n<p>Carlos Santiago Andreo naci\u00f3 en San Crist\u00f3bal el 4 de septiembre de 1947. Fue Investigador Superior del CONICET y Profesor Titular del Departamento de Qu\u00edmica Biol\u00f3gica de la Facultad de Ciencias Bioqu\u00edmicas y Farmac\u00e9uticas de la Universidad Nacional de Rosario. Se desempe\u00f1\u00f3 como Director del Centro de Estudios Fotosint\u00e9ticos y Bioqu\u00edmicos entre 2006 y 2017 y como Presidente de la Sociedad Argentina de Investigaci\u00f3n en Bioqu\u00edmica y Biolog\u00eda Molecular (SAIB) entre 2014 y 2015.<\/p>\n\n\n\n<p>Para el desarrollo de sus investigaciones recibi\u00f3 apoyo de numerosas instituciones internacionales, entre ellas la Alexander von Humboldt Foundation, la Organizaci\u00f3n de los Estados Americanos, la Commission of the European Communities, la John Simon Guggenheim Memorial Foundation, la Rockefeller Foundation, la Japan Society for the Promotion of Science y la Comisi\u00f3n Fulbright.<\/p>\n\n\n\n<p>Fue distinguido con el Premio Bernardo Houssay, el Premio Acc\u00e9sit \u201cDr. Luis F. Leloir a la Investigaci\u00f3n Cient\u00edfica\u201d, el TWAS 1995 Award in Biology de The Third World Academy of Sciences, el Premio Bernardo Houssay como Investigador Consolidado y el Premio \u201cDr. Luis F. Leloir\u201d.<\/p>\n\n\n\n<p>Integr\u00f3 numerosas comisiones de evaluaci\u00f3n y promoci\u00f3n en CONICET, CONEAU y universidades nacionales. Director de innumerables tesistas, becarios, tesinistas y pasantes, hoy lo despedimos con profundo respeto y gratitud. Su legado cient\u00edfico y, sobre todo, humano, seguir\u00e1 presente en el CEFOBI y en cada una de las personas que tuvimos el privilegio de compartir con \u00e9l espacios de trabajo y aprendizaje.<\/p>\n\n\n\n<p><strong>Mar\u00eda Fabiana Drincovich<\/strong><\/p>\n\n\n\n<p><strong>Directora CEFOBI<\/strong><\/p>\n<\/div><\/div>\n<\/div><\/div>\n\n\n<style>.kadence-column4524_c1dd35-70 > .kt-inside-inner-col,.kadence-column4524_c1dd35-70 > .kt-inside-inner-col:before{border-top-left-radius:0px;border-top-right-radius:0px;border-bottom-right-radius:0px;border-bottom-left-radius:0px;}.kadence-column4524_c1dd35-70 > .kt-inside-inner-col{column-gap:var(--global-kb-gap-sm, 1rem);}.kadence-column4524_c1dd35-70 > .kt-inside-inner-col{flex-direction:column;}.kadence-column4524_c1dd35-70 > .kt-inside-inner-col > .aligncenter{width:100%;}.kadence-column4524_c1dd35-70 > .kt-inside-inner-col:before{opacity:0.3;}.kadence-column4524_c1dd35-70{position:relative;}@media all and (max-width: 1024px){.kadence-column4524_c1dd35-70 > .kt-inside-inner-col{flex-direction:column;justify-content:center;}}@media all and (max-width: 767px){.kadence-column4524_c1dd35-70 > .kt-inside-inner-col{flex-direction:column;justify-content:center;}}<\/style>\n<div class=\"wp-block-kadence-column kadence-column4524_c1dd35-70 inner-column-2\"><div class=\"kt-inside-inner-col\">\n<figure class=\"wp-block-image size-large\"><a href=\"https:\/\/www.cefobi-conicet.gov.ar\/wp-content\/uploads\/2026\/01\/Andreo-sin-leyenda-scaled.jpg\"><img loading=\"lazy\" decoding=\"async\" width=\"819\" height=\"1024\" src=\"https:\/\/www.cefobi-conicet.gov.ar\/wp-content\/uploads\/2026\/01\/Andreo-sin-leyenda-819x1024.jpg\" alt=\"\" class=\"wp-image-4533\" srcset=\"https:\/\/www.cefobi-conicet.gov.ar\/wp-content\/uploads\/2026\/01\/Andreo-sin-leyenda-819x1024.jpg 819w, https:\/\/www.cefobi-conicet.gov.ar\/wp-content\/uploads\/2026\/01\/Andreo-sin-leyenda-240x300.jpg 240w, https:\/\/www.cefobi-conicet.gov.ar\/wp-content\/uploads\/2026\/01\/Andreo-sin-leyenda-768x960.jpg 768w, https:\/\/www.cefobi-conicet.gov.ar\/wp-content\/uploads\/2026\/01\/Andreo-sin-leyenda-1229x1536.jpg 1229w, https:\/\/www.cefobi-conicet.gov.ar\/wp-content\/uploads\/2026\/01\/Andreo-sin-leyenda-1638x2048.jpg 1638w, https:\/\/www.cefobi-conicet.gov.ar\/wp-content\/uploads\/2026\/01\/Andreo-sin-leyenda-10x12.jpg 10w, https:\/\/www.cefobi-conicet.gov.ar\/wp-content\/uploads\/2026\/01\/Andreo-sin-leyenda-scaled.jpg 2048w\" sizes=\"auto, (max-width: 819px) 100vw, 819px\" \/><\/a><figcaption class=\"wp-element-caption\">                     <strong>Dr. Carlos Santiago Andreo <br>                      (04\/091947-17\/01\/2026)<\/strong><\/figcaption><\/figure>\n<\/div><\/div>\n\n<\/div><\/div>\n\n\n<p><\/p>","protected":false},"excerpt":{"rendered":"<p>Lamentamos comunicar el fallecimiento del Dr. Carlos Santiago Andreo (04\/09\/1947-17\/01\/2026), quien fuera Director del Centro de Estudios Fotosint\u00e9ticos y Bioqu\u00edmicos (CEFOBI), Director del Centro Cient\u00edfico Tecnol\u00f3gico Rosario, y Profesor Titular de Qu\u00edmica Biol\u00f3gica de la Facultad de Ciencias Bioqu\u00edmicas y &hellip; <a href=\"https:\/\/www.cefobi-conicet.gov.ar\/en\/el-centro-de-estudios-fotosinteticos-y-bioquimicos-cefobi-conicet-unr-lamenta-el-fallecimiento-del-dr-carlos-santiago-andreo-ex-director-del-instituto\/\">Continued<\/a><\/p>","protected":false},"author":8,"featured_media":4533,"comment_status":"closed","ping_status":"closed","sticky":false,"template":"","format":"standard","meta":{"kt_blocks_editor_width":"","footnotes":""},"categories":[12],"tags":[],"class_list":["post-4524","post","type-post","status-publish","format-standard","has-post-thumbnail","hentry","category-novedades"],"_links":{"self":[{"href":"https:\/\/www.cefobi-conicet.gov.ar\/en\/wp-json\/wp\/v2\/posts\/4524","targetHints":{"allow":["GET"]}}],"collection":[{"href":"https:\/\/www.cefobi-conicet.gov.ar\/en\/wp-json\/wp\/v2\/posts"}],"about":[{"href":"https:\/\/www.cefobi-conicet.gov.ar\/en\/wp-json\/wp\/v2\/types\/post"}],"author":[{"embeddable":true,"href":"https:\/\/www.cefobi-conicet.gov.ar\/en\/wp-json\/wp\/v2\/users\/8"}],"replies":[{"embeddable":true,"href":"https:\/\/www.cefobi-conicet.gov.ar\/en\/wp-json\/wp\/v2\/comments?post=4524"}],"version-history":[{"count":11,"href":"https:\/\/www.cefobi-conicet.gov.ar\/en\/wp-json\/wp\/v2\/posts\/4524\/revisions"}],"predecessor-version":[{"id":4545,"href":"https:\/\/www.cefobi-conicet.gov.ar\/en\/wp-json\/wp\/v2\/posts\/4524\/revisions\/4545"}],"wp:featuredmedia":[{"embeddable":true,"href":"https:\/\/www.cefobi-conicet.gov.ar\/en\/wp-json\/wp\/v2\/media\/4533"}],"wp:attachment":[{"href":"https:\/\/www.cefobi-conicet.gov.ar\/en\/wp-json\/wp\/v2\/media?parent=4524"}],"wp:term":[{"taxonomy":"category","embeddable":true,"href":"https:\/\/www.cefobi-conicet.gov.ar\/en\/wp-json\/wp\/v2\/categories?post=4524"},{"taxonomy":"post_tag","embeddable":true,"href":"https:\/\/www.cefobi-conicet.gov.ar\/en\/wp-json\/wp\/v2\/tags?post=4524"}],"curies":[{"name":"wp","href":"https:\/\/api.w.org\/{rel}","templated":true}]}}