{"id":3890,"date":"2022-07-04T13:52:49","date_gmt":"2022-07-04T16:52:49","guid":{"rendered":"https:\/\/www.cefobi-conicet.gov.ar\/?p=3890"},"modified":"2022-07-11T09:11:38","modified_gmt":"2022-07-11T12:11:38","slug":"busqueda-de-postulantes-para-becas-conicet-convocatoria-2022","status":"publish","type":"post","link":"https:\/\/www.cefobi-conicet.gov.ar\/en\/busqueda-de-postulantes-para-becas-conicet-convocatoria-2022\/","title":{"rendered":"B\u00daSQUEDA DE POSTULANTES PARA BECAS CONICET CONVOCATORIA 2022"},"content":{"rendered":"<div class=\"wp-block-media-text alignwide is-stacked-on-mobile is-image-fill\" style=\"grid-template-columns:34% auto\"><figure class=\"wp-block-media-text__media\" style=\"background-image:url(https:\/\/www.cefobi-conicet.gov.ar\/uploads_cefobi\/2022\/05\/Foto-Lab-2022-2-scaled-e1652292466459-1024x706.jpg);background-position:50% 6%\"><a href=\"https:\/\/www.cefobi-conicet.gov.ar\/en\/beca-doctoral-paula-casati\/\"><img loading=\"lazy\" decoding=\"async\" width=\"1024\" height=\"706\" src=\"https:\/\/www.cefobi-conicet.gov.ar\/uploads_cefobi\/2022\/05\/Foto-Lab-2022-2-scaled-e1652292466459-1024x706.jpg\" alt=\"\" class=\"wp-image-3786 size-full\" srcset=\"https:\/\/www.cefobi-conicet.gov.ar\/wp-content\/uploads\/2022\/05\/Foto-Lab-2022-2-scaled-e1652292466459-1024x706.jpg 1024w, https:\/\/www.cefobi-conicet.gov.ar\/wp-content\/uploads\/2022\/05\/Foto-Lab-2022-2-scaled-e1652292466459-300x207.jpg 300w, https:\/\/www.cefobi-conicet.gov.ar\/wp-content\/uploads\/2022\/05\/Foto-Lab-2022-2-scaled-e1652292466459-768x529.jpg 768w, https:\/\/www.cefobi-conicet.gov.ar\/wp-content\/uploads\/2022\/05\/Foto-Lab-2022-2-scaled-e1652292466459-1536x1059.jpg 1536w, https:\/\/www.cefobi-conicet.gov.ar\/wp-content\/uploads\/2022\/05\/Foto-Lab-2022-2-scaled-e1652292466459-2048x1411.jpg 2048w, https:\/\/www.cefobi-conicet.gov.ar\/wp-content\/uploads\/2022\/05\/Foto-Lab-2022-2-scaled-e1652292466459-16x12.jpg 16w\" sizes=\"auto, (max-width: 1024px) 100vw, 1024px\" \/><\/a><\/figure><div class=\"wp-block-media-text__content\">\n<p><a href=\"https:\/\/www.cefobi-conicet.gov.ar\/en\/beca-doctoral-paula-casati\/\" data-type=\"URL\" data-id=\"https:\/\/www.cefobi-conicet.gov.ar\/beca-doctoral-paula-casati\/\">Beca Doctoral &#8211;&nbsp; \u201cProteinas de la familia mbd-cw de <em>Arabidopsis thaliana<\/em>: Rol en respuestas frente a la radiaci\u00f3n uv-b\u201d- &nbsp;Paula Casati<\/a><\/p>\n<\/div><\/div>\n\n\n\n<div class=\"wp-block-media-text alignwide is-stacked-on-mobile is-image-fill\" style=\"grid-template-columns:34% auto\"><figure class=\"wp-block-media-text__media\" style=\"background-image:url(https:\/\/www.cefobi-conicet.gov.ar\/uploads_cefobi\/2022\/05\/IMG_20211213_095503874_HDR-3-scaled-e1652204420758-1024x1024.jpg);background-position:45% 11%\"><a href=\"https:\/\/www.cefobi-conicet.gov.ar\/en\/beca-post-doctoral-dr-diego-gomez-casati\/\"><img loading=\"lazy\" decoding=\"async\" width=\"1024\" height=\"1024\" src=\"https:\/\/www.cefobi-conicet.gov.ar\/uploads_cefobi\/2022\/05\/IMG_20211213_095503874_HDR-3-scaled-e1652204420758-1024x1024.jpg\" alt=\"\" class=\"wp-image-3753 size-full\" srcset=\"https:\/\/www.cefobi-conicet.gov.ar\/wp-content\/uploads\/2022\/05\/IMG_20211213_095503874_HDR-3-scaled-e1652204420758-1024x1024.jpg 1024w, https:\/\/www.cefobi-conicet.gov.ar\/wp-content\/uploads\/2022\/05\/IMG_20211213_095503874_HDR-3-scaled-e1652204420758-300x300.jpg 300w, https:\/\/www.cefobi-conicet.gov.ar\/wp-content\/uploads\/2022\/05\/IMG_20211213_095503874_HDR-3-scaled-e1652204420758-150x150.jpg 150w, https:\/\/www.cefobi-conicet.gov.ar\/wp-content\/uploads\/2022\/05\/IMG_20211213_095503874_HDR-3-scaled-e1652204420758-768x768.jpg 768w, https:\/\/www.cefobi-conicet.gov.ar\/wp-content\/uploads\/2022\/05\/IMG_20211213_095503874_HDR-3-scaled-e1652204420758-12x12.jpg 12w, https:\/\/www.cefobi-conicet.gov.ar\/wp-content\/uploads\/2022\/05\/IMG_20211213_095503874_HDR-3-scaled-e1652204420758.jpg 1478w\" sizes=\"auto, (max-width: 1024px) 100vw, 1024px\" \/><\/a><\/figure><div class=\"wp-block-media-text__content\">\n<p><a href=\"https:\/\/www.cefobi-conicet.gov.ar\/en\/beca-post-doctoral-dr-diego-gomez-casati\/\" data-type=\"URL\" data-id=\"https:\/\/www.cefobi-conicet.gov.ar\/beca-post-doctoral-dr-diego-gomez-casati\/\">Beca Post-Doctoral &#8211;&nbsp; \u201cDesarrollo de enzimas para aplicaciones industriales.\u201d- &nbsp;Diego Gomez Casati<\/a><\/p>\n<\/div><\/div>\n\n\n\n<div class=\"wp-block-media-text alignwide is-stacked-on-mobile is-image-fill\" style=\"grid-template-columns:34% auto\"><figure class=\"wp-block-media-text__media\" style=\"background-image:url(https:\/\/www.cefobi-conicet.gov.ar\/uploads_cefobi\/2022\/07\/Barchiesi.png);background-position:48% 10%\"><a href=\"https:\/\/www.cefobi-conicet.gov.ar\/en\/beca-doctoral-dra-julieta-barchiesi\/\"><img loading=\"lazy\" decoding=\"async\" width=\"764\" height=\"417\" src=\"https:\/\/www.cefobi-conicet.gov.ar\/uploads_cefobi\/2022\/07\/Barchiesi.png\" alt=\"\" class=\"wp-image-3891 size-full\" srcset=\"https:\/\/www.cefobi-conicet.gov.ar\/wp-content\/uploads\/2022\/07\/Barchiesi.png 764w, https:\/\/www.cefobi-conicet.gov.ar\/wp-content\/uploads\/2022\/07\/Barchiesi-300x164.png 300w, https:\/\/www.cefobi-conicet.gov.ar\/wp-content\/uploads\/2022\/07\/Barchiesi-16x9.png 16w\" sizes=\"auto, (max-width: 764px) 100vw, 764px\" \/><\/a><\/figure><div class=\"wp-block-media-text__content\">\n<p><a href=\"https:\/\/www.cefobi-conicet.gov.ar\/en\/beca-doctoral-dra-julieta-barchiesi\/\" data-type=\"URL\" data-id=\"https:\/\/www.cefobi-conicet.gov.ar\/beca-doctoral-dra-julieta-barchiesi\/\">Beca Doctoral &#8211;&nbsp; \u201cDegradaci\u00f3n de celulosa por el alga nativa <em>Scenedesmus quadricauda<\/em>.\u201d- &nbsp;Julieta Barchiesi<\/a><\/p>\n<\/div><\/div>\n\n\n\n<div class=\"wp-block-media-text alignwide is-stacked-on-mobile is-image-fill\" style=\"grid-template-columns:34% auto\"><figure class=\"wp-block-media-text__media\" style=\"background-image:url(https:\/\/www.cefobi-conicet.gov.ar\/uploads_cefobi\/2022\/07\/Martin.png);background-position:56.00000000000001% 15%\"><a href=\"https:\/\/www.cefobi-conicet.gov.ar\/en\/beca-doctoral-dra-mariana-martin\/\"><img loading=\"lazy\" decoding=\"async\" width=\"310\" height=\"310\" src=\"https:\/\/www.cefobi-conicet.gov.ar\/uploads_cefobi\/2022\/07\/Martin.png\" alt=\"\" class=\"wp-image-3892 size-full\" srcset=\"https:\/\/www.cefobi-conicet.gov.ar\/wp-content\/uploads\/2022\/07\/Martin.png 310w, https:\/\/www.cefobi-conicet.gov.ar\/wp-content\/uploads\/2022\/07\/Martin-300x300.png 300w, https:\/\/www.cefobi-conicet.gov.ar\/wp-content\/uploads\/2022\/07\/Martin-150x150.png 150w, https:\/\/www.cefobi-conicet.gov.ar\/wp-content\/uploads\/2022\/07\/Martin-12x12.png 12w\" sizes=\"auto, (max-width: 310px) 100vw, 310px\" \/><\/a><\/figure><div class=\"wp-block-media-text__content\">\n<p><a href=\"https:\/\/www.cefobi-conicet.gov.ar\/en\/beca-doctoral-dra-mariana-martin\/\" data-type=\"URL\" data-id=\"https:\/\/www.cefobi-conicet.gov.ar\/beca-doctoral-dra-mariana-martin\/\">Beca Doctoral &#8211;&nbsp; \u201cEnzimas quinasas y fosfatasas del metabolismo de carbohidratos en algas y plantas. Implicancias biotecnol\u00f3gicas.\u201d- &nbsp;Mariana Mart\u00edn<\/a><\/p>\n<\/div><\/div>\n\n\n\n<div class=\"wp-block-media-text alignwide is-stacked-on-mobile is-image-fill\" style=\"grid-template-columns:34% auto\"><figure class=\"wp-block-media-text__media\" style=\"background-image:url(https:\/\/www.cefobi-conicet.gov.ar\/uploads_cefobi\/2022\/07\/C4-Mariana-Saigo.jpg);background-position:48% 0%\"><a href=\"https:\/\/www.cefobi-conicet.gov.ar\/en\/beca-doctoral-dra-mariana-saigo\/\"><img loading=\"lazy\" decoding=\"async\" width=\"485\" height=\"383\" src=\"https:\/\/www.cefobi-conicet.gov.ar\/uploads_cefobi\/2022\/07\/C4-Mariana-Saigo.jpg\" alt=\"\" class=\"wp-image-3893 size-full\" srcset=\"https:\/\/www.cefobi-conicet.gov.ar\/wp-content\/uploads\/2022\/07\/C4-Mariana-Saigo.jpg 485w, https:\/\/www.cefobi-conicet.gov.ar\/wp-content\/uploads\/2022\/07\/C4-Mariana-Saigo-300x237.jpg 300w, https:\/\/www.cefobi-conicet.gov.ar\/wp-content\/uploads\/2022\/07\/C4-Mariana-Saigo-16x12.jpg 16w\" sizes=\"auto, (max-width: 485px) 100vw, 485px\" \/><\/a><\/figure><div class=\"wp-block-media-text__content\">\n<p><a href=\"https:\/\/www.cefobi-conicet.gov.ar\/en\/beca-doctoral-dra-mariana-saigo\/\" data-type=\"URL\" data-id=\"https:\/\/www.cefobi-conicet.gov.ar\/beca-doctoral-dra-mariana-saigo\/\">Beca Doctoral &#8211;&nbsp; \u201cRecursos bioqu\u00edmicos y moleculares para mantener el rendimiento fotosint\u00e9tico ante cambios ambientales: estrategias de las pasturas.\u201d- &nbsp;Mariana Saigo<\/a><\/p>\n<\/div><\/div>\n\n\n\n<div class=\"wp-block-media-text alignwide is-stacked-on-mobile is-image-fill\" style=\"grid-template-columns:34% auto\"><figure class=\"wp-block-media-text__media\" style=\"background-image:url(https:\/\/www.cefobi-conicet.gov.ar\/uploads_cefobi\/2022\/07\/edicion-Mariana-Saigo.jpg);background-position:55.00000000000001% 0%\"><a href=\"https:\/\/www.cefobi-conicet.gov.ar\/en\/beca-doctoral-dra-mariana-saigo-2\/\"><img loading=\"lazy\" decoding=\"async\" width=\"486\" height=\"415\" src=\"https:\/\/www.cefobi-conicet.gov.ar\/uploads_cefobi\/2022\/07\/edicion-Mariana-Saigo.jpg\" alt=\"\" class=\"wp-image-3896 size-full\" srcset=\"https:\/\/www.cefobi-conicet.gov.ar\/wp-content\/uploads\/2022\/07\/edicion-Mariana-Saigo.jpg 486w, https:\/\/www.cefobi-conicet.gov.ar\/wp-content\/uploads\/2022\/07\/edicion-Mariana-Saigo-300x256.jpg 300w, https:\/\/www.cefobi-conicet.gov.ar\/wp-content\/uploads\/2022\/07\/edicion-Mariana-Saigo-14x12.jpg 14w\" sizes=\"auto, (max-width: 486px) 100vw, 486px\" \/><\/a><\/figure><div class=\"wp-block-media-text__content\">\n<p><a href=\"https:\/\/www.cefobi-conicet.gov.ar\/en\/beca-doctoral-dra-mariana-saigo-2\/\" data-type=\"URL\" data-id=\"https:\/\/www.cefobi-conicet.gov.ar\/beca-doctoral-dra-mariana-saigo-2\/\">Beca Doctoral &#8211;&nbsp; \u201cEvaluaci\u00f3n de estrategias de mejoramiento en base a edici\u00f3n g\u00e9nica utilizando ma\u00edz y Arabidopsis como modelos vegetales.\u201d- &nbsp;Mariana Saigo<\/a><\/p>\n<\/div><\/div>\n\n\n\n<div class=\"wp-block-media-text alignwide is-stacked-on-mobile is-image-fill\" style=\"grid-template-columns:34% auto\"><figure class=\"wp-block-media-text__media\" style=\"background-image:url(https:\/\/www.cefobi-conicet.gov.ar\/uploads_cefobi\/2022\/07\/Blanco-1024x576.jpg);background-position:50% 50%\"><a href=\"https:\/\/www.cefobi-conicet.gov.ar\/en\/beca-doctoral-dr-nicolas-blanco\/\"><img loading=\"lazy\" decoding=\"async\" width=\"1024\" height=\"576\" src=\"https:\/\/www.cefobi-conicet.gov.ar\/uploads_cefobi\/2022\/07\/Blanco-1024x576.jpg\" alt=\"\" class=\"wp-image-3894 size-full\" srcset=\"https:\/\/www.cefobi-conicet.gov.ar\/wp-content\/uploads\/2022\/07\/Blanco-1024x576.jpg 1024w, https:\/\/www.cefobi-conicet.gov.ar\/wp-content\/uploads\/2022\/07\/Blanco-300x169.jpg 300w, https:\/\/www.cefobi-conicet.gov.ar\/wp-content\/uploads\/2022\/07\/Blanco-768x432.jpg 768w, https:\/\/www.cefobi-conicet.gov.ar\/wp-content\/uploads\/2022\/07\/Blanco-16x9.jpg 16w, https:\/\/www.cefobi-conicet.gov.ar\/wp-content\/uploads\/2022\/07\/Blanco.jpg 1280w\" sizes=\"auto, (max-width: 1024px) 100vw, 1024px\" \/><\/a><\/figure><div class=\"wp-block-media-text__content\">\n<p><a href=\"https:\/\/www.cefobi-conicet.gov.ar\/en\/beca-doctoral-dr-nicolas-blanco\/\">Beca Doctoral &#8211;&nbsp; \u201cRevelando los mecanismos de censado de la eficiencia fotosint\u00e9tica en un contexto de cambio clim\u00e1tico.\u201d- &nbsp;Nicol\u00e1s Blanco<\/a><\/p>\n<\/div><\/div>\n\n\n\n<div class=\"wp-block-media-text alignwide is-stacked-on-mobile is-image-fill\" style=\"grid-template-columns:34% auto\"><figure class=\"wp-block-media-text__media\" style=\"background-image:url(https:\/\/www.cefobi-conicet.gov.ar\/uploads_cefobi\/2022\/07\/Rius-1024x576.jpg);background-position:47% 0%\"><a href=\"https:\/\/www.cefobi-conicet.gov.ar\/en\/beca-doctoral-dr-sebastian-rius\/\"><img loading=\"lazy\" decoding=\"async\" width=\"1024\" height=\"576\" src=\"https:\/\/www.cefobi-conicet.gov.ar\/uploads_cefobi\/2022\/07\/Rius-1024x576.jpg\" alt=\"\" class=\"wp-image-3895 size-full\" srcset=\"https:\/\/www.cefobi-conicet.gov.ar\/wp-content\/uploads\/2022\/07\/Rius-1024x576.jpg 1024w, https:\/\/www.cefobi-conicet.gov.ar\/wp-content\/uploads\/2022\/07\/Rius-300x169.jpg 300w, https:\/\/www.cefobi-conicet.gov.ar\/wp-content\/uploads\/2022\/07\/Rius-768x432.jpg 768w, https:\/\/www.cefobi-conicet.gov.ar\/wp-content\/uploads\/2022\/07\/Rius-16x9.jpg 16w, https:\/\/www.cefobi-conicet.gov.ar\/wp-content\/uploads\/2022\/07\/Rius.jpg 1280w\" sizes=\"auto, (max-width: 1024px) 100vw, 1024px\" \/><\/a><\/figure><div class=\"wp-block-media-text__content\">\n<p><a href=\"https:\/\/www.cefobi-conicet.gov.ar\/en\/beca-doctoral-dr-sebastian-rius\/\" data-type=\"URL\" data-id=\"https:\/\/www.cefobi-conicet.gov.ar\/beca-doctoral-dr-sebastian-rius\/\">Beca Doctoral &#8211;&nbsp; \u201cEvaluaci\u00f3n de interacciones cooperativas de microorganismos para la generaci\u00f3n de bioinoculantes aplicados al control biol\u00f3gico y promoci\u00f3n del crecimiento vegetal.\u201d- &nbsp;Sebastian Rius<\/a><\/p>\n<\/div><\/div>\n\n\n\n<div class=\"wp-block-media-text alignwide is-stacked-on-mobile is-image-fill\" style=\"grid-template-columns:34% auto\"><figure class=\"wp-block-media-text__media\" style=\"background-image:url(https:\/\/www.cefobi-conicet.gov.ar\/uploads_cefobi\/2022\/07\/Fusari-1024x543.png);background-position:50% 50%\"><a href=\"https:\/\/www.cefobi-conicet.gov.ar\/en\/beca-doctoral-dra-corina-fusari\/\"><img loading=\"lazy\" decoding=\"async\" width=\"1024\" height=\"543\" src=\"https:\/\/www.cefobi-conicet.gov.ar\/uploads_cefobi\/2022\/07\/Fusari-1024x543.png\" alt=\"\" class=\"wp-image-3898 size-full\" srcset=\"https:\/\/www.cefobi-conicet.gov.ar\/wp-content\/uploads\/2022\/07\/Fusari-1024x543.png 1024w, https:\/\/www.cefobi-conicet.gov.ar\/wp-content\/uploads\/2022\/07\/Fusari-300x159.png 300w, https:\/\/www.cefobi-conicet.gov.ar\/wp-content\/uploads\/2022\/07\/Fusari-768x408.png 768w, https:\/\/www.cefobi-conicet.gov.ar\/wp-content\/uploads\/2022\/07\/Fusari-1536x815.png 1536w, https:\/\/www.cefobi-conicet.gov.ar\/wp-content\/uploads\/2022\/07\/Fusari-2048x1087.png 2048w, https:\/\/www.cefobi-conicet.gov.ar\/wp-content\/uploads\/2022\/07\/Fusari-16x8.png 16w\" sizes=\"auto, (max-width: 1024px) 100vw, 1024px\" \/><\/a><\/figure><div class=\"wp-block-media-text__content\">\n<p><a href=\"https:\/\/www.cefobi-conicet.gov.ar\/en\/beca-doctoral-dra-corina-fusari\/\" data-type=\"URL\" data-id=\"https:\/\/www.cefobi-conicet.gov.ar\/beca-doctoral-dra-corina-fusari\/\">Beca Doctoral &#8211;&nbsp; \u201cEfecto de perturbaciones ambientales sobre el balance carbono-energ\u00eda durante el establecimiento de frutos y semillas.\u201d- &nbsp;Corina Fusari<\/a><\/p>\n<\/div><\/div>\n\n\n\n<div class=\"wp-block-media-text alignwide is-stacked-on-mobile is-image-fill\" style=\"grid-template-columns:34% auto\"><figure class=\"wp-block-media-text__media\" style=\"background-image:url(https:\/\/www.cefobi-conicet.gov.ar\/uploads_cefobi\/2022\/07\/MAP-Iron-nutrition-Maria-Ayelen-Pagani.jpg);background-position:34% 45%\"><a href=\"https:\/\/www.cefobi-conicet.gov.ar\/en\/beca-doctoral-dra-ayelen-pagani\/\"><img loading=\"lazy\" decoding=\"async\" width=\"714\" height=\"267\" src=\"https:\/\/www.cefobi-conicet.gov.ar\/uploads_cefobi\/2022\/07\/MAP-Iron-nutrition-Maria-Ayelen-Pagani.jpg\" alt=\"\" class=\"wp-image-3955 size-full\" srcset=\"https:\/\/www.cefobi-conicet.gov.ar\/wp-content\/uploads\/2022\/07\/MAP-Iron-nutrition-Maria-Ayelen-Pagani.jpg 714w, https:\/\/www.cefobi-conicet.gov.ar\/wp-content\/uploads\/2022\/07\/MAP-Iron-nutrition-Maria-Ayelen-Pagani-300x112.jpg 300w, https:\/\/www.cefobi-conicet.gov.ar\/wp-content\/uploads\/2022\/07\/MAP-Iron-nutrition-Maria-Ayelen-Pagani-16x6.jpg 16w\" sizes=\"auto, (max-width: 714px) 100vw, 714px\" \/><\/a><\/figure><div class=\"wp-block-media-text__content\">\n<p><a href=\"https:\/\/www.cefobi-conicet.gov.ar\/en\/beca-doctoral-dra-ayelen-pagani\/\" data-type=\"URL\" data-id=\"https:\/\/www.cefobi-conicet.gov.ar\/beca-doctoral-dra-ayelen-pagani\/\">Beca Doctoral &#8211;&nbsp; \u201cEstrategias para mejorar la nutrici\u00f3n vegetal.\u201d- &nbsp;Ayelen Pagani<\/a><\/p>\n<\/div><\/div>\n\n\n\n<div class=\"wp-block-media-text alignwide is-stacked-on-mobile is-image-fill\" style=\"grid-template-columns:34% auto\"><figure class=\"wp-block-media-text__media\" style=\"background-image:url(https:\/\/www.cefobi-conicet.gov.ar\/uploads_cefobi\/2022\/07\/berries-Karina-Tripodi.jpg);background-position:50% 50%\"><a href=\"https:\/\/www.cefobi-conicet.gov.ar\/en\/beca-doctoral-karina-tripodi\/\"><img loading=\"lazy\" decoding=\"async\" width=\"800\" height=\"424\" src=\"https:\/\/www.cefobi-conicet.gov.ar\/uploads_cefobi\/2022\/07\/berries-Karina-Tripodi.jpg\" alt=\"\" class=\"wp-image-3940 size-full\" srcset=\"https:\/\/www.cefobi-conicet.gov.ar\/wp-content\/uploads\/2022\/07\/berries-Karina-Tripodi.jpg 800w, https:\/\/www.cefobi-conicet.gov.ar\/wp-content\/uploads\/2022\/07\/berries-Karina-Tripodi-300x159.jpg 300w, https:\/\/www.cefobi-conicet.gov.ar\/wp-content\/uploads\/2022\/07\/berries-Karina-Tripodi-768x407.jpg 768w, https:\/\/www.cefobi-conicet.gov.ar\/wp-content\/uploads\/2022\/07\/berries-Karina-Tripodi-16x8.jpg 16w\" sizes=\"auto, (max-width: 800px) 100vw, 800px\" \/><\/a><\/figure><div class=\"wp-block-media-text__content\">\n<p><a href=\"https:\/\/www.cefobi-conicet.gov.ar\/en\/beca-doctoral-karina-tripodi\/\" data-type=\"URL\" data-id=\"https:\/\/www.cefobi-conicet.gov.ar\/beca-doctoral-karina-tripodi\/\">Beca Doctoral &#8211;&nbsp; \u201cFactores bioqu\u00edmicos y moleculares determinantes de la calidad en ar\u00e1ndanos (<em>Vaccinium corymbosum<\/em>): Identificaci\u00f3n y validaci\u00f3n de marcadores vinculados a la firmeza.\u201d- &nbsp;Karina Tr\u00edpodi<\/a><\/p>\n<\/div><\/div>\n\n\n\n<div class=\"wp-block-media-text alignwide is-stacked-on-mobile is-image-fill\" style=\"grid-template-columns:34% auto\"><figure class=\"wp-block-media-text__media\" style=\"background-image:url(https:\/\/www.cefobi-conicet.gov.ar\/uploads_cefobi\/2022\/07\/difusion-oferta-Maria-Valeria-Lara.png);background-position:50% 50%\"><img loading=\"lazy\" decoding=\"async\" width=\"256\" height=\"256\" src=\"https:\/\/www.cefobi-conicet.gov.ar\/uploads_cefobi\/2022\/07\/difusion-oferta-Maria-Valeria-Lara.png\" alt=\"\" class=\"wp-image-3959 size-full\" srcset=\"https:\/\/www.cefobi-conicet.gov.ar\/wp-content\/uploads\/2022\/07\/difusion-oferta-Maria-Valeria-Lara.png 256w, https:\/\/www.cefobi-conicet.gov.ar\/wp-content\/uploads\/2022\/07\/difusion-oferta-Maria-Valeria-Lara-150x150.png 150w, https:\/\/www.cefobi-conicet.gov.ar\/wp-content\/uploads\/2022\/07\/difusion-oferta-Maria-Valeria-Lara-12x12.png 12w\" sizes=\"auto, (max-width: 256px) 100vw, 256px\" \/><\/figure><div class=\"wp-block-media-text__content\">\n<p><a href=\"https:\/\/www.cefobi-conicet.gov.ar\/en\/beca-doctoral-dra-maria-valeria-lara\/\" data-type=\"URL\" data-id=\"https:\/\/www.cefobi-conicet.gov.ar\/beca-doctoral-dra-maria-valeria-lara\/\">Beca Doctoral &#8211;\u00a0 \u201cEnfermedades del duraznero. Estudio de los mecanismos moleculares de defensa. Caracterizaci\u00f3n de prote\u00ednas con actividad antif\u00fangica y b\u00fasqueda de receptores involucrados en el reconocimiento de efectores f\u00fangicos.\u201d- \u00a0Mar\u00eda Valeria Lara<\/a><\/p>\n<\/div><\/div>","protected":false},"excerpt":{"rendered":"<p>Beca Doctoral &#8211;&nbsp; \u201cProteinas de la familia mbd-cw de Arabidopsis thaliana: Rol en respuestas frente a la radiaci\u00f3n uv-b\u201d- &nbsp;Paula Casati Beca Post-Doctoral &#8211;&nbsp; \u201cDesarrollo de enzimas para aplicaciones industriales.\u201d- &nbsp;Diego Gomez Casati Beca Doctoral &#8211;&nbsp; \u201cDegradaci\u00f3n de celulosa por &hellip; <a href=\"https:\/\/www.cefobi-conicet.gov.ar\/en\/busqueda-de-postulantes-para-becas-conicet-convocatoria-2022\/\">Continued<\/a><\/p>","protected":false},"author":7,"featured_media":3091,"comment_status":"closed","ping_status":"closed","sticky":false,"template":"","format":"standard","meta":{"kt_blocks_editor_width":"","footnotes":""},"categories":[27],"tags":[],"class_list":["post-3890","post","type-post","status-publish","format-standard","has-post-thumbnail","hentry","category-ofertas_trabajo"],"_links":{"self":[{"href":"https:\/\/www.cefobi-conicet.gov.ar\/en\/wp-json\/wp\/v2\/posts\/3890","targetHints":{"allow":["GET"]}}],"collection":[{"href":"https:\/\/www.cefobi-conicet.gov.ar\/en\/wp-json\/wp\/v2\/posts"}],"about":[{"href":"https:\/\/www.cefobi-conicet.gov.ar\/en\/wp-json\/wp\/v2\/types\/post"}],"author":[{"embeddable":true,"href":"https:\/\/www.cefobi-conicet.gov.ar\/en\/wp-json\/wp\/v2\/users\/7"}],"replies":[{"embeddable":true,"href":"https:\/\/www.cefobi-conicet.gov.ar\/en\/wp-json\/wp\/v2\/comments?post=3890"}],"version-history":[{"count":11,"href":"https:\/\/www.cefobi-conicet.gov.ar\/en\/wp-json\/wp\/v2\/posts\/3890\/revisions"}],"predecessor-version":[{"id":3962,"href":"https:\/\/www.cefobi-conicet.gov.ar\/en\/wp-json\/wp\/v2\/posts\/3890\/revisions\/3962"}],"wp:featuredmedia":[{"embeddable":true,"href":"https:\/\/www.cefobi-conicet.gov.ar\/en\/wp-json\/wp\/v2\/media\/3091"}],"wp:attachment":[{"href":"https:\/\/www.cefobi-conicet.gov.ar\/en\/wp-json\/wp\/v2\/media?parent=3890"}],"wp:term":[{"taxonomy":"category","embeddable":true,"href":"https:\/\/www.cefobi-conicet.gov.ar\/en\/wp-json\/wp\/v2\/categories?post=3890"},{"taxonomy":"post_tag","embeddable":true,"href":"https:\/\/www.cefobi-conicet.gov.ar\/en\/wp-json\/wp\/v2\/tags?post=3890"}],"curies":[{"name":"wp","href":"https:\/\/api.w.org\/{rel}","templated":true}]}}